{"id":64,"date":"2014-08-07T22:03:38","date_gmt":"2014-08-07T22:03:38","guid":{"rendered":"http:\/\/localhost\/www.puntocero.com.ar\/plat2\/?p=64"},"modified":"2017-07-25T07:02:56","modified_gmt":"2017-07-25T07:02:56","slug":"64","status":"publish","type":"post","link":"https:\/\/www.puntocero.com.ar\/plat2\/64\/","title":{"rendered":"El Mar &#8211; video"},"content":{"rendered":"<p>El Mar<\/p>\n<p>M\u00fasica: Claude Debussy<br \/>\nVestuario: Carlos Cytrynowski<br \/>\nCoreograf\u00eda: Oscar Araiz<\/p>\n<p>Grupo de Danza UNSAM 2011<\/p>\n<p>Pamela Martinotti<br \/>\nRomina Castillo<br \/>\nCarla Giordanino<br \/>\nRomina Alaniz<br \/>\nGrisel Sosa<br \/>\nAntonella Zanutto<br \/>\nRoc\u00edo Castagnasso<br \/>\nB\u00e1rbara Ercole<br \/>\nJuliana Ponguta<br \/>\nSantiago Azzati<br \/>\nOscar Far\u00edas<br \/>\nJuan Carlos Ojeda<br \/>\nBernardo Villafa\u00f1e<br \/>\nRodrigo Calvete<br \/>\nMarcelo Bizarri<br \/>\nLuciano Cejas<\/p>\n<p>Director asociado<br \/>\nYamil Ostrovsky<\/p>\n<p>Coordinaci\u00f3n ejecutiva<br \/>\nIn\u00e9s Vernengo<\/p>\n<p>Direcci\u00f3n<br \/>\nOscar Araiz<\/p>\n<p>Cepris &#8211; Centro de producci\u00f3n en imagen y sonido &#8211; UNSAM<\/p>\n<p>C\u00e1maras<br \/>\nMechy Quintieri<br \/>\nJos\u00e9 Cabrera<br \/>\nDiego Sethson<\/p>\n<p>Edici\u00f3n<br \/>\nMechy Quintieri<\/p>\n<p>Sonido<br \/>\nSebastian Pasquet<\/p>\n<p>Producci\u00f3n<br \/>\nAlejandro Veronesi<\/p>\n<p>Coordinaci\u00f3n<br \/>\nDiego Sethson<\/p>\n<p>\u00c1rea de Cine documental<\/p>\n<p>Direcci\u00f3n: Dolly Pussi<\/p>\n<p>En la Carpa del Campus de la Universidad Nacional de San Mart\u00edn, noviembre del 2011 &#8211;<\/p>\n<p>UNSAM &#8211; Unidad de las Artes Decano: Tito Lor\u00e9fice<\/p>\n<p>Rector: Dr. Carlos Ruta<\/p>\n","protected":false},"excerpt":{"rendered":"<p>El Mar M\u00fasica: Claude Debussy Vestuario: Carlos Cytrynowski Coreograf\u00eda: Oscar Araiz Grupo de Danza UNSAM 2011 Pamela Martinotti Romina Castillo Carla Giordanino Romina Alaniz Grisel Sosa Antonella Zanutto Roc\u00edo Castagnasso B\u00e1rbara Ercole Juliana Ponguta Santiago Azzati Oscar Far\u00edas Juan Carlos<\/p>\n","protected":false},"author":2,"featured_media":0,"comment_status":"closed","ping_status":"closed","sticky":false,"template":"","format":"video","meta":{"_joinchat":[],"footnotes":""},"categories":[4],"tags":[],"class_list":["post-64","post","type-post","status-publish","format-video","hentry","category-video","post_format-video"],"_links":{"self":[{"href":"https:\/\/www.puntocero.com.ar\/plat2\/wp-json\/wp\/v2\/posts\/64","targetHints":{"allow":["GET"]}}],"collection":[{"href":"https:\/\/www.puntocero.com.ar\/plat2\/wp-json\/wp\/v2\/posts"}],"about":[{"href":"https:\/\/www.puntocero.com.ar\/plat2\/wp-json\/wp\/v2\/types\/post"}],"author":[{"embeddable":true,"href":"https:\/\/www.puntocero.com.ar\/plat2\/wp-json\/wp\/v2\/users\/2"}],"replies":[{"embeddable":true,"href":"https:\/\/www.puntocero.com.ar\/plat2\/wp-json\/wp\/v2\/comments?post=64"}],"version-history":[{"count":4,"href":"https:\/\/www.puntocero.com.ar\/plat2\/wp-json\/wp\/v2\/posts\/64\/revisions"}],"predecessor-version":[{"id":68,"href":"https:\/\/www.puntocero.com.ar\/plat2\/wp-json\/wp\/v2\/posts\/64\/revisions\/68"}],"wp:attachment":[{"href":"https:\/\/www.puntocero.com.ar\/plat2\/wp-json\/wp\/v2\/media?parent=64"}],"wp:term":[{"taxonomy":"category","embeddable":true,"href":"https:\/\/www.puntocero.com.ar\/plat2\/wp-json\/wp\/v2\/categories?post=64"},{"taxonomy":"post_tag","embeddable":true,"href":"https:\/\/www.puntocero.com.ar\/plat2\/wp-json\/wp\/v2\/tags?post=64"}],"curies":[{"name":"wp","href":"https:\/\/api.w.org\/{rel}","templated":true}]}}